{"dados":[{"titulo":"PROCESSO SELETIVO SIMPLIFICADO PARA A CONTRATA\u00c7\u00c3O EMERGENCIAL DE SERVENTES PARA SECRETARIA MUNICIPAL DE SA\u00daDE","dataAtualizacao":"2025-12-23 09:01:40","dataPostagem":"2026-01-05 08:00:00","dataRealizacao":"2025-12-23 09:00:00","numeroEdital":null,"numeroProcesso":91,"modalidade":"Processo Seletivo ","situacao":"Aberto","descricao":"<div style=\"text-align: center;\"><strong>EDITAL <\/strong><strong>N&ordm; <\/strong><strong>91<\/strong><strong>\/<\/strong><strong>202<\/strong><strong>5<\/strong><strong> &ndash; <\/strong><strong>PROCESSO SELETIVO SIMPLIFICADO<\/strong><\/div>\r\n\r\n<div style=\"text-align: justify;\"><br \/>\r\nA SECRETARIA MUNICIPAL DE ADMINISTRA&Ccedil;&Atilde;O E A SECRETARIA MUNICIPAL DA SA&Uacute;DE, no uso de suas atribui&ccedil;&otilde;es, tornam p&uacute;blico o PROCESSO SELETIVO SIMPLIFICADO, visando &agrave; contrata&ccedil;&atilde;o tempor&aacute;ria de Servente, para desempenho de suas fun&ccedil;&otilde;es na Secretaria Municipal da Sa&uacute;de, no &acirc;mbito da<strong> Lei Municipal n&ordm; <\/strong><strong>5.176<\/strong><strong>, <\/strong><strong>23<\/strong><strong> <\/strong><strong>de <\/strong><strong>setembr<\/strong><strong>o<\/strong><strong> de 202<\/strong><strong>5<\/strong>, de acordo com a necessidade da Administra&ccedil;&atilde;o P&uacute;blica e respectivo interesse p&uacute;blico.<br \/>\r\n<br \/>\r\n<strong>1. DISPOSI&Ccedil;&Otilde;ES PRELIMINARES<\/strong><\/div>\r\n\r\n<div style=\"text-align: justify;\">. O Processo Seletivo Simplificado ser&aacute; regido por este Edital, conforme cargos e vagas abaixo, e ser&aacute; composto de Avalia&ccedil;&atilde;o Curricular de car&aacute;ter eliminat&oacute;rio e classificat&oacute;rio.<\/div>\r\n\r\n<ol>\r\n\t<li>\r\n\t<ol>\r\n\t<\/ol>\r\n\t<\/li>\r\n<\/ol>\r\n\r\n<div style=\"text-align: justify;\">&nbsp;<\/div>\r\n\r\n<table cellpadding=\"4\" cellspacing=\"0\" width=\"668\">\r\n\t<thead>\r\n\t\t<tr>\r\n\t\t\t<td colspan=\"5\" style=\"text-align: justify;\" width=\"658\"><strong>Tabela 1 &ndash; Cargos<\/strong><\/td>\r\n\t\t<\/tr>\r\n\t<\/thead>\r\n\t<tbody>\r\n\t\t<tr>\r\n\t\t\t<td style=\"text-align: justify;\" width=\"176\"><strong>Cargos<\/strong><\/td>\r\n\t\t\t<td style=\"text-align: justify;\" width=\"56\"><strong>Vagas <\/strong><\/td>\r\n\t\t\t<td style=\"text-align: justify;\" width=\"64\"><strong>Carga Hor&aacute;ria Semanal<\/strong><\/td>\r\n\t\t\t<td style=\"text-align: justify;\" width=\"257\"><strong>Requisitos m&iacute;nimos<\/strong><\/td>\r\n\t\t\t<td style=\"text-align: justify;\" width=\"73\"><strong>(*)Sal&aacute;rio<\/strong><\/td>\r\n\t\t<\/tr>\r\n\t\t<tr>\r\n\t\t\t<td style=\"text-align: justify;\" width=\"176\"><br \/>\r\n\t\t\t<br \/>\r\n\t\t\tServente<\/td>\r\n\t\t\t<td style=\"text-align: justify;\" width=\"56\">11<\/td>\r\n\t\t\t<td style=\"text-align: justify;\" width=\"64\">40 h<\/td>\r\n\t\t\t<td style=\"text-align: justify;\" width=\"257\">&ndash; Idade m&iacute;nima: 18 anos.<br \/>\r\n\t\t\t&ndash; Instru&ccedil;&atilde;o: 4&ordf; s&eacute;rie do Ensino Fundamental.<\/td>\r\n\t\t\t<td style=\"text-align: justify;\" width=\"73\">R$ 1.518,00<\/td>\r\n\t\t<\/tr>\r\n\t<\/tbody>\r\n<\/table>\r\n\r\n<div style=\"text-align: justify;\"><br \/>\r\n<br \/>\r\n(*) Valor definido na Lei Municipal n&ordm; 5.176\/2025.<br \/>\r\n<br \/>\r\n<strong>2. DO PREENCHIMENTO DAS VAGAS<\/strong><br \/>\r\n<br \/>\r\n<strong>2.1. DAS VAGAS E DA FORMA&Ccedil;&Atilde;O DE CADASTRO<\/strong><br \/>\r\n2.1.1. Os candidatos aprovados nos cargos referenciados neste Edital, fora do n&uacute;mero de vagas imediatas, formar&atilde;o um cadastro reserva, sem garantia de contrata&ccedil;&atilde;o. A convoca&ccedil;&atilde;o depender&aacute; da necessidade do Munic&iacute;pio de Cachoeira do Sul e do surgimento de vagas no prazo de validade do processo seletivo. Candidatos no cadastro reserva t&ecirc;m uma expectativa de direito &agrave; contrata&ccedil;&atilde;o.<br \/>\r\n2.1.2. A utiliza&ccedil;&atilde;o do cadastro reserva obedecer&aacute;, rigorosamente, &agrave; ordem de classifica&ccedil;&atilde;o final publicada no Edital de Homologa&ccedil;&atilde;o do Resultado Final do Processo Seletivo, respeitado o preenchimento das vagas por Ampla Concorr&ecirc;ncia.<br \/>\r\n<br \/>\r\n<strong>3. DO PROCEDIMENTO DAS INSCRI&Ccedil;&Otilde;ES<\/strong><br \/>\r\n<br \/>\r\n<strong>3.1. DAS INSCRI&Ccedil;&Otilde;ES<\/strong><br \/>\r\n3.1.1. As inscri&ccedil;&otilde;es ser&atilde;o realizadas no per&iacute;odo entre os dias <strong>05<\/strong><strong> de <\/strong><strong>janeiro <\/strong><strong>de 202<\/strong><strong>6<\/strong><strong> <\/strong><strong>a <\/strong><strong>23<\/strong><strong> de <\/strong><strong>janeiro <\/strong><strong> <\/strong><strong>de 202<\/strong><strong>6<\/strong><strong>,<\/strong> conforme determinado no Cronograma do Processo Seletivo (Anexo I), exclusivamente no Protocolo Geral do Munic&iacute;pio, situado na Rua Moron, n&deg; 1013, Centro, presencialmente, pelo candidato ou representante por ele designado e mediante procura&ccedil;&atilde;o espec&iacute;fica.<br \/>\r\n3.1.2. Ao se inscrever neste Processo Seletivo, o candidato declarar&aacute;, sob as penas da lei, que preenche todos os requisitos exigidos neste Edital, implicando, de sua parte, o conhecimento e a aceita&ccedil;&atilde;o das presentes normas e instru&ccedil;&otilde;es estabelecidas, bem como em eventuais aditamentos e instru&ccedil;&otilde;es espec&iacute;ficas para a realiza&ccedil;&atilde;o do certame, acerca dos quais n&atilde;o poder&aacute; alegar desconhecimento.<br \/>\r\n3.1.3. O candidato deve protocolar um envelope devidamente<strong> <\/strong><strong>SELADO<\/strong> (colado e n&atilde;o grampeado) com a identifica&ccedil;&atilde;o dos dados conforme etiqueta do Anexo II.<br \/>\r\n3.1.4. No interior do envelope obrigatoriamente deve haver os seguintes documentos:<br \/>\r\n<br \/>\r\na) Documento de identifica&ccedil;&atilde;o (Carteira de identidade, CNH, ou CTPS);<br \/>\r\nb) Ficha de Inscri&ccedil;&atilde;o do Anexo III impressa, devidamente preenchida e assinada;<br \/>\r\nc) C&oacute;pia dos documentos para comprova&ccedil;&atilde;o dos requisitos m&iacute;nimos exigidos para a fun&ccedil;&atilde;o pretendida (requisito m&iacute;nimo &ndash; Tabela 1). As c&oacute;pias devem estar n&iacute;tidas, claras e completas (frente e verso, se for o caso).<br \/>\r\nd) C&oacute;pia dos documentos para comprova&ccedil;&atilde;o das experi&ecirc;ncias profissionais citadas na Ficha de Inscri&ccedil;&atilde;o. As c&oacute;pias devem estar n&iacute;tidas, claras e completas (frente e verso, se for o caso).<br \/>\r\n<br \/>\r\n3.1.5. A padroniza&ccedil;&atilde;o exigida no item 3.1.4. &eacute; <strong>obrigat&oacute;ria e<\/strong><strong> de car&aacute;ter eliminat&oacute;rio.<\/strong><br \/>\r\n3.1.6. As inscri&ccedil;&otilde;es ser&atilde;o submetidas ao sistema at&eacute; o &uacute;ltimo dia estabelecido para o encerramento do prazo, observado o hor&aacute;rio de expediente do Protocolo Geral.<br \/>\r\n3.1.7. Considera-se inscri&ccedil;&atilde;o efetivamente realizada, aquela que foi conclu&iacute;da no prazo determinado.<br \/>\r\n3.1.8. N&atilde;o ser&atilde;o aceitas inscri&ccedil;&otilde;es por via postal, e-mail, ou outro meio n&atilde;o previsto neste Edital, nem em car&aacute;ter condicional.<br \/>\r\n3.1.9. A elimina&ccedil;&atilde;o ir&aacute; ocorrer ainda que tenha sido provocado por equ&iacute;voco do candidato e independente de alega&ccedil;&atilde;o de boa-f&eacute;.<br \/>\r\n3.1.10. O candidato inscrito ter&aacute; exclusiva responsabilidade sobre as informa&ccedil;&otilde;es cadastrais fornecidas, sob as penas da lei.<br \/>\r\n3.1.11. O candidato &eacute; respons&aacute;vel pelas informa&ccedil;&otilde;es prestadas na Ficha de Inscri&ccedil;&atilde;o (anexo III), arcando com as consequ&ecirc;ncias de eventuais erros de preenchimento.<br \/>\r\n3.1.12. O Di&aacute;rio Oficial da PREFEITURA MUNICIPAL DE CACHOEIRA DO SUL (<a href=\"https:\/\/www.cachoeiradosul.rs.gov.br\/\">https:\/\/www.cachoeiradosul.rs.gov.br\/<\/a>) ser&aacute; fonte oficial e permanente de comunica&ccedil;&atilde;o de avisos e editais.<br \/>\r\n3.1.13. As inscri&ccedil;&otilde;es de que tratam este Edital implicam o conhecimento das presentes instru&ccedil;&otilde;es por parte do candidato e seu compromisso t&aacute;cito em aceitar as condi&ccedil;&otilde;es da sua realiza&ccedil;&atilde;o.<br \/>\r\n<br \/>\r\n<strong>4<\/strong><strong>. DA AVALIA&Ccedil;&Atilde;O E CLASSIFICA&Ccedil;&Atilde;O DOS CURR&Iacute;CULOS<\/strong><br \/>\r\n<br \/>\r\n4.1. A avalia&ccedil;&atilde;o e a classifica&ccedil;&atilde;o dos curr&iacute;culos ocorrer&atilde;o dos dias <strong>26<\/strong><strong> de <\/strong><strong>janeiro<\/strong><strong> <\/strong><strong>de 202<\/strong><strong>6<\/strong><strong> a <\/strong><strong>28<\/strong><strong> de <\/strong><strong>janeiro <\/strong><strong>de 202<\/strong><strong>6<\/strong>, nas depend&ecirc;ncias da Secretaria Municipal da Sa&uacute;de, na Rua Cel. Jo&atilde;o Leit&atilde;o, 1055, pela Comiss&atilde;o Avaliadora previamente designada por Portaria para tal finalidade.<br \/>\r\n4.2. As inscri&ccedil;&otilde;es que n&atilde;o possu&iacute;rem o exigido no item 3.1 ser&atilde;o automaticamente eliminadas do Processo Seletivo.<br \/>\r\n4.3. Os envelopes ser&atilde;o abertos na presen&ccedil;a de toda a Comiss&atilde;o Avaliadora.<br \/>\r\n4.4. A avalia&ccedil;&atilde;o dos curr&iacute;culos ser&aacute; de car&aacute;ter classificat&oacute;rio e eliminat&oacute;rio e obedecer&aacute; a pontua&ccedil;&atilde;o estabelecida na Tabela 2:<\/div>\r\n\r\n<table cellpadding=\"4\" cellspacing=\"0\" width=\"100%\">\r\n\t<tbody>\r\n\t\t<tr>\r\n\t\t\t<td colspan=\"4\" style=\"text-align: justify;\" valign=\"top\" width=\"100%\"><strong>Tabela 2 &ndash; Crit&eacute;rios para avalia&ccedil;&atilde;o dos curr&iacute;culos<\/strong><\/td>\r\n\t\t<\/tr>\r\n\t\t<tr valign=\"top\">\r\n\t\t\t<td style=\"text-align: justify;\" width=\"16%\"><strong>Cargo<\/strong><\/td>\r\n\t\t\t<td style=\"text-align: justify;\" width=\"53%\"><strong>Crit&eacute;rio<\/strong><\/td>\r\n\t\t\t<td style=\"text-align: justify;\" width=\"14%\"><strong>Pontua&ccedil;&atilde;o<\/strong><\/td>\r\n\t\t\t<td style=\"text-align: justify;\" width=\"17%\"><strong>Pontua&ccedil;&atilde;o m&aacute;xima<\/strong><\/td>\r\n\t\t<\/tr>\r\n\t\t<tr>\r\n\t\t\t<td rowspan=\"3\" style=\"text-align: justify;\" width=\"16%\"><strong>Servente<\/strong><\/td>\r\n\t\t\t<td style=\"text-align: justify;\" valign=\"top\" width=\"53%\">Certificado de conclus&atilde;o ensino fundamental<\/td>\r\n\t\t\t<td style=\"text-align: justify;\" valign=\"top\" width=\"14%\">2 pontos<\/td>\r\n\t\t\t<td style=\"text-align: justify;\" valign=\"top\" width=\"17%\">2 pontos<\/td>\r\n\t\t<\/tr>\r\n\t\t<tr valign=\"top\">\r\n\t\t\t<td style=\"text-align: justify;\" width=\"53%\">Certificado de conclus&atilde;o ensino m&eacute;dio<\/td>\r\n\t\t\t<td style=\"text-align: justify;\" width=\"14%\">2 pontos<\/td>\r\n\t\t\t<td style=\"text-align: justify;\" width=\"17%\">2 pontos<\/td>\r\n\t\t<\/tr>\r\n\t\t<tr>\r\n\t\t\t<td style=\"text-align: justify;\" valign=\"top\" width=\"53%\">Comprovante de tempo de experi&ecirc;ncia no cargo:<br \/>\r\n\t\t\t&ndash; c&oacute;pia das p&aacute;ginas da Carteira de Trabalho Profissional (p&aacute;gina de identifica&ccedil;&atilde;o e p&aacute;gina do contrato com data do in&iacute;cio e da rescis&atilde;o)<br \/>\r\n\t\t\t&ndash; Certid&atilde;o ou declara&ccedil;&atilde;o de tempo de servi&ccedil;o emitidos por pessoa jur&iacute;dica ou &oacute;rg&atilde;o p&uacute;blico;<br \/>\r\n\t\t\t&ndash; c&oacute;pia do contrato de trabalho com data de in&iacute;cio e t&eacute;rmino.<\/td>\r\n\t\t\t<td style=\"text-align: justify;\" width=\"14%\">2 pontos a cada 6 meses<\/td>\r\n\t\t\t<td style=\"text-align: justify;\" width=\"17%\">12 pontos<\/td>\r\n\t\t<\/tr>\r\n\t\t<tr valign=\"top\">\r\n\t\t\t<td colspan=\"3\" style=\"text-align: justify;\" width=\"83%\"><strong>Pontua&ccedil;&atilde;o m&aacute;xima:<\/strong><\/td>\r\n\t\t\t<td style=\"text-align: justify;\" width=\"17%\"><strong>16 pontos<\/strong><\/td>\r\n\t\t<\/tr>\r\n\t<\/tbody>\r\n<\/table>\r\n\r\n<div style=\"text-align: justify;\"><br \/>\r\n<br \/>\r\n<br \/>\r\n4.5. A escolaridade exigida como pr&eacute;-requisito de inscri&ccedil;&atilde;o para o desempenho da fun&ccedil;&atilde;o n&atilde;o ser&aacute; objeto de valora&ccedil;&atilde;o classificat&oacute;ria.<br \/>\r\n4.6. Somente ser&atilde;o considerados os t&iacute;tulos e certificados expedidos por pessoas jur&iacute;dicas, de direito p&uacute;blico ou privado.<br \/>\r\n4.7. Para fins de comprova&ccedil;&atilde;o de experi&ecirc;ncia profissional, ser&atilde;o aceitos documentos que comprovem o efetivo exerc&iacute;cio da fun&ccedil;&atilde;o de servente ou atividades correlatas, tais como faxineiro, auxiliar de limpeza, servi&ccedil;os gerais, copeiro ou outros cargos que envolvam atribui&ccedil;&otilde;es equivalentes &agrave;s descritas na Tabela 3 deste edital.<br \/>\r\nSer&atilde;o considerados como documentos comprobat&oacute;rios:<br \/>\r\na) c&oacute;pia das p&aacute;ginas da Carteira de Trabalho Profissional (p&aacute;gina de identifica&ccedil;&atilde;o e p&aacute;ginas do contrato com data de in&iacute;cio e rescis&atilde;o);<br \/>\r\nb) certid&atilde;o ou declara&ccedil;&atilde;o de tempo de servi&ccedil;o emitida por pessoa jur&iacute;dica ou &oacute;rg&atilde;o p&uacute;blico;<br \/>\r\nc) c&oacute;pia de contrato de trabalho com data de in&iacute;cio e t&eacute;rmino.<br \/>\r\n<br \/>\r\n4.8. Todo o processo de an&aacute;lise de curr&iacute;culos ser&aacute; registrado pela Comiss&atilde;o Avaliadora.<br \/>\r\n4.9.Na avalia&ccedil;&atilde;o dos curr&iacute;culos, em caso de empate, ser&atilde;o classificados na seguinte ordem:<br \/>\r\n<br \/>\r\na) Maior experi&ecirc;ncia profissional;<br \/>\r\nb) Sorteio, caso necess&aacute;rio, a ser realizado no dia <strong>29<\/strong><strong> d<\/strong><strong>e <\/strong><strong>janeiro<\/strong><strong> <\/strong><strong>de 202<\/strong><strong>6<\/strong>, &agrave;s <strong>15<\/strong><strong> horas<\/strong>, na Secretaria Municipal da Sa&uacute;de, localizada na Rua Cel. Jo&atilde;o Leit&atilde;o, n&ordm; 1055, 3&ordm; andar, Sal&atilde;o de Atos, nesta cidade. Os candidatos poder&atilde;o acompanhar o sorteio presencialmente.<br \/>\r\n<br \/>\r\n<strong>5. DA PUBLICA&Ccedil;&Atilde;O DA CLASSIFICA&Ccedil;&Atilde;O PRELIMINAR<\/strong><br \/>\r\n<br \/>\r\n5.1. A publica&ccedil;&atilde;o preliminar da classifica&ccedil;&atilde;o ocorrer&aacute; no dia <strong>30<\/strong><strong> de <\/strong><strong>janeiro <\/strong><strong>de 202<\/strong><strong>6<\/strong>, oficialmente por meio de Di&aacute;rio Oficial do Munic&iacute;pio, pelo endere&ccedil;o <a href=\"https:\/\/www.cachoeiradosul.rs.gov.br\/\">https:\/\/www.cachoeiradosul.rs.gov.br\/<\/a> e\/ou nos quadros de avisos da Secretaria Municipal da Administra&ccedil;&atilde;o.<br \/>\r\n5.2. Os candidatos ter&atilde;o direito de solicitar e receber a c&oacute;pia da tabela de avalia&ccedil;&atilde;o curricular, mediante solicita&ccedil;&atilde;o junto ao Protocolo Geral da Prefeitura Municipal.<br \/>\r\n<br \/>\r\n<strong>6. DO PRAZO PARA RECURSO<\/strong><br \/>\r\n<br \/>\r\n6.1. O prazo para recursos da classifica&ccedil;&atilde;o preliminar ocorrer&aacute; dos dias <strong>02<\/strong><strong> de<\/strong><strong> <\/strong><strong>fevere<\/strong><strong>iro <\/strong><strong>de 202<\/strong><strong>6<\/strong><strong> e <\/strong><strong>06 <\/strong><strong>de <\/strong><strong>fevereiro <\/strong><strong>de 202<\/strong><strong>6<\/strong>, das 8h &agrave;s 11h30min e das 13h30min &agrave;s 17h, no Protocolo Geral da Prefeitura Municipal, situado na Rua Moron n&ordm; 1013, presencialmente, pelo candidato ou representante por ele designado mediante procura&ccedil;&atilde;o espec&iacute;fica.<br \/>\r\n6.1.1. A fase recursal n&atilde;o se destina &agrave; apresenta&ccedil;&atilde;o de documentos faltantes, mas exclusivamente &agrave; manifesta&ccedil;&atilde;o acerca de poss&iacute;veis erros ou inobserv&acirc;ncias cometidas pela Comiss&atilde;o de Avalia&ccedil;&atilde;o.<br \/>\r\n<br \/>\r\n<strong>7. DO JULGAMENTO DOS RECURSOS<\/strong><br \/>\r\n<br \/>\r\n7.1. O julgamento dos recursos, se houverem, ocorrer&aacute; nos dias <strong>09<\/strong><strong> de <\/strong><strong>fevereiro <\/strong><strong>de<\/strong><strong> 202<\/strong><strong>6 a <\/strong><strong>10<\/strong><strong> de <\/strong><strong>fevereiro <\/strong><strong>de 202<\/strong><strong>6<\/strong><strong>,<\/strong> pela Comiss&atilde;o Avaliadora.<br \/>\r\n7.2. As decis&otilde;es da Comiss&atilde;o Avaliadora p&oacute;s recurso n&atilde;o ser&atilde;o objeto de novo recurso.<br \/>\r\n<br \/>\r\n<strong>8. DA HOMOLOGA&Ccedil;&Atilde;O E PUBLICA&Ccedil;&Atilde;O DO RESULTADO FINAL<\/strong><br \/>\r\n<br \/>\r\n8.1. A publica&ccedil;&atilde;o da homologa&ccedil;&atilde;o do resultado final ser&aacute; por meio do Edital de Homologa&ccedil;&atilde;o do Resultado Final e ocorrer&aacute; no dia <strong>11<\/strong><strong> de <\/strong><strong>fevereiro<\/strong><strong> <\/strong><strong>de 202<\/strong><strong>6<\/strong>, oficialmente por meio de Di&aacute;rio Oficial do Munic&iacute;pio, pelo endere&ccedil;o <a href=\"http:\/\/www.cachoeiradosul.rs.gov.br\/\">http:\/\/www.cachoeiradosul.rs.gov.br\/<\/a> e nos quadros de avisos da Secretaria Municipal da Administra&ccedil;&atilde;o.<br \/>\r\n8.2. Os candidatos classificados ser&atilde;o chamados atrav&eacute;s de contato telef&ocirc;nico ou e-mail, devendo se apresentar, em local a ser informado quando contatados.<br \/>\r\n<br \/>\r\n<strong>9. ESPECIFICA&Ccedil;&Otilde;ES DA FUN&Ccedil;&Atilde;O TEMPOR&Aacute;RIA<\/strong><br \/>\r\n<br \/>\r\n9.1. A fun&ccedil;&atilde;o tempor&aacute;ria de que trata este Processo Seletivo Simplificado corresponde ao exerc&iacute;cio das atividades descritas na Tabela 3, conforme Lei Municipal n&ordm; 4.120 de 29 de dezembro de 2011.<\/div>\r\n\r\n<table cellpadding=\"4\" cellspacing=\"0\" width=\"100%\">\r\n\t<tbody>\r\n\t\t<tr>\r\n\t\t\t<td colspan=\"2\" style=\"text-align: justify;\" valign=\"top\" width=\"100%\"><strong>Tabela 3 <\/strong><\/td>\r\n\t\t<\/tr>\r\n\t\t<tr valign=\"top\">\r\n\t\t\t<td style=\"text-align: justify;\" width=\"23%\"><strong>Cargo<\/strong><\/td>\r\n\t\t\t<td style=\"text-align: justify;\" width=\"77%\"><strong>Atribui&ccedil;&otilde;es<\/strong><\/td>\r\n\t\t<\/tr>\r\n\t\t<tr>\r\n\t\t\t<td style=\"text-align: justify;\" width=\"23%\"><strong>Servente<\/strong><\/td>\r\n\t\t\t<td style=\"text-align: justify;\" valign=\"top\" width=\"77%\"><br \/>\r\n\t\t\t<br \/>\r\n\t\t\tA) Descri&ccedil;&atilde;o Sint&eacute;tica: executar trabalhos de copa e cozinha, atividades rotineiras de limpeza em geral, ajudar na remo&ccedil;&atilde;o ou arruma&ccedil;&atilde;o de m&oacute;veis e utens&iacute;lios; executar tarefas inerentes ao preparo e distribui&ccedil;&atilde;o de ch&aacute;, &aacute;gua, caf&eacute; e de merenda, selecionando alimentos, preparando refei&ccedil;&otilde;es.<br \/>\r\n\t\t\t<br \/>\r\n\t\t\tB) Descri&ccedil;&atilde;o Anal&iacute;tica: preparar e distribuir ch&aacute;, &aacute;gua, caf&eacute; e merenda, selecionando alimentos e preparando as refei&ccedil;&otilde;es; fazer o servi&ccedil;o de faxina em geral, remover o p&oacute; dos m&oacute;veis, paredes, tetos, portas, janelas e equipamentos, limpar escadas, pisos, passadeiras, tapetes e utens&iacute;lios, arrumar banheiros e sanit&aacute;rios, auxiliar na arruma&ccedil;&atilde;o e troca de roupa de cama, lavar e encerar assoalhos, lavar e passar vestu&aacute;rios e roupas de cama, mesa e banho, coletar lixo dos dep&oacute;sitos colocando-os nos recipientes apropriados, lavar vidros, espelhos e persianas, varrer p&aacute;tios, fechar portas, janelas e vias de acesso, efetuar o controle de g&ecirc;neros aliment&iacute;cios necess&aacute;rios ao preparo da merenda, recebendo-os e armazenando-os de acordo com as normas e instru&ccedil;&otilde;es estabelecidas; selecionar os ingredientes necess&aacute;rios ao preparo das refei&ccedil;&otilde;es; distribuir as refei&ccedil;&otilde;es preparadas; registrar o n&uacute;mero de refei&ccedil;&otilde;es distribu&iacute;das para fins de c&aacute;lculos estat&iacute;sticos, efetuar o controle do material existente no setor; receber, recolher e lavar lou&ccedil;a e talheres ap&oacute;s as refei&ccedil;&otilde;es, zelar pela limpeza no local de trabalho; executar outras tarefas afins.<\/td>\r\n\t\t<\/tr>\r\n\t<\/tbody>\r\n<\/table>\r\n\r\n<div style=\"text-align: justify;\"><br \/>\r\n<br \/>\r\n<br \/>\r\n<strong>10. DISPOSI&Ccedil;&Otilde;ES FINAIS<\/strong><br \/>\r\n<br \/>\r\n10.1. Servidores p&uacute;blicos em atividade ou aposentados somente poder&atilde;o preencher as vagas oferecidas atendendo ao inciso XVI, Art. 37, da Constitui&ccedil;&atilde;o Federal, que trata da acumula&ccedil;&atilde;o de cargos p&uacute;blicos.<br \/>\r\n10.2. Diplomas e Certificados expedidos no exterior somente ser&atilde;o considerados v&aacute;lidos quando revalidados por institui&ccedil;&atilde;o de Ensino Superior no Brasil.<br \/>\r\n10.3. Os candidatos classificados ser&atilde;o chamados &agrave; Secretaria Municipal da Administra&ccedil;&atilde;o, para proceder as fases da contrata&ccedil;&atilde;o atrav&eacute;s do contato por telefone e \/ ou e-mail, sendo de inteira responsabilidade do candidato informar corretamente seu telefone e e-mail e manter os seus contatos atualizados.<br \/>\r\n10.4. O candidato classificado que n&atilde;o comparecer &agrave; Secretaria Municipal da Administra&ccedil;&atilde;o para as fases da contrata&ccedil;&atilde;o que constar&aacute; na PUBLICA&Ccedil;&Atilde;O DA CLASSIFICA&Ccedil;&Atilde;O FINAL passar&aacute; automaticamente a vaga ao candidato subsequente e assim sucessivamente, conforme classifica&ccedil;&atilde;o.<br \/>\r\n10.5. O contrato emergencial ter&aacute; validade de 06 meses, podendo ser prorrogado por mais 06 meses conforme disposto em lei, havendo necessidade da gest&atilde;o.<br \/>\r\n10.6. Em caso de vac&acirc;ncia, desist&ecirc;ncia, rescis&atilde;o contratual ou qualquer outra forma de desocupa&ccedil;&atilde;o da vaga antes do t&eacute;rmino do prazo de vig&ecirc;ncia da contrata&ccedil;&atilde;o, o candidato subsequente poder&aacute; ser convocado, exclusivamente, para complementar o per&iacute;odo remanescente da vaga.<br \/>\r\n10.7. &Eacute; de inteira responsabilidade do candidato acompanhar a publica&ccedil;&atilde;o de todos os atos, editais, e comunicados referente a este Processo Seletivo no Di&aacute;rio Oficial do Munic&iacute;pio, no site <a href=\"http:\/\/www.cachoeiradosul.rs.gov.br\/\">www.cachoeiradosul.rs.gov.br<\/a>.<br \/>\r\n10.8. A Comiss&atilde;o Avaliadora &eacute; a inst&acirc;ncia julgadora dos eventuais recursos e suas decis&otilde;es s&atilde;o soberanas. Ser&aacute; composta pela Secret&aacute;ria Municipal de Sa&uacute;de (SMS) ou representante designado por ela, pela Secret&aacute;ria Municipal de Administra&ccedil;&atilde;o (SMA) ou representante designado por ela e pelo Presidente do Conselho Municipal de Sa&uacute;de (CMS) ou conselheiro designado por ele.<br \/>\r\n10.9. A aprova&ccedil;&atilde;o no Processo Seletivo Simplificado gera para o candidato apenas a expectativa de direito de contrata&ccedil;&atilde;o. O Munic&iacute;pio reserva-se o direito de proceder &agrave;s contrata&ccedil;&otilde;es conforme necessidade do servi&ccedil;o, dentro do prazo de validade do processo seletivo, conforme previsto na Lei n&ordm;. 5.176, 23 de setembro de 2025.<br \/>\r\n10.10. O Chefe do Poder Executivo poder&aacute;, a seu crit&eacute;rio, antes da homologa&ccedil;&atilde;o, suspender, revogar ou invalidar o Processo Seletivo Simplificado, e ap&oacute;s homologa&ccedil;&atilde;o, rescindir o contrato a qualquer tempo, desde que devidamente fundamentado com base na discricionariedade, oportunidade e conveni&ecirc;ncia n&atilde;o assistindo ao candidato direito &agrave; reclama&ccedil;&atilde;o de qualquer natureza.<br \/>\r\n10.11. O resultado final do Processo Seletivo Simplificado ser&aacute; homologado pelo Chefe do Poder Executivo Municipal.<br \/>\r\n&nbsp;<\/div>\r\n\r\n<div style=\"text-align: center;\">Cachoeira do Sul, 22 de dezembro de 2025.<br \/>\r\n<br \/>\r\nCamila Nunes Barreto<br \/>\r\nSecret&aacute;ria Municipal de Sa&uacute;de<br \/>\r\n<br \/>\r\n<br \/>\r\nANEXO I<br \/>\r\n<br \/>\r\n&nbsp;\r\n<table cellpadding=\"4\" cellspacing=\"0\" width=\"664\">\r\n\t<tbody>\r\n\t\t<tr>\r\n\t\t\t<td colspan=\"2\" valign=\"top\" width=\"654\"><strong>Cronograma do Processo Seletivo<\/strong><\/td>\r\n\t\t<\/tr>\r\n\t\t<tr valign=\"top\">\r\n\t\t\t<td width=\"180\">Data<\/td>\r\n\t\t\t<td width=\"466\">Descri&ccedil;&atilde;o<\/td>\r\n\t\t<\/tr>\r\n\t\t<tr valign=\"top\">\r\n\t\t\t<td width=\"180\"><strong>05\/01\/2026 at&eacute; 23\/01\/2026<\/strong><\/td>\r\n\t\t\t<td width=\"466\">Inscri&ccedil;&otilde;es - Entrega dos envelopes no Protocolo Geral do Munic&iacute;pio.<\/td>\r\n\t\t<\/tr>\r\n\t\t<tr valign=\"top\">\r\n\t\t\t<td width=\"180\"><strong>26\/01\/2026 at&eacute; 28\/01\/2026<\/strong><\/td>\r\n\t\t\t<td width=\"466\">Abertura e an&aacute;lise dos envelopes.<\/td>\r\n\t\t<\/tr>\r\n\t\t<tr valign=\"top\">\r\n\t\t\t<td width=\"180\"><strong>29\/01\/2026<\/strong><\/td>\r\n\t\t\t<td width=\"466\">Sorteio.<\/td>\r\n\t\t<\/tr>\r\n\t\t<tr valign=\"top\">\r\n\t\t\t<td width=\"180\"><strong>30\/01\/2026<\/strong><\/td>\r\n\t\t\t<td width=\"466\">Publica&ccedil;&atilde;o do resultado classifica&ccedil;&atilde;o preliminar.<\/td>\r\n\t\t<\/tr>\r\n\t\t<tr valign=\"top\">\r\n\t\t\t<td width=\"180\"><strong>02\/02\/2026 at&eacute; 06\/02\/2026<\/strong><\/td>\r\n\t\t\t<td width=\"466\">Prazo para recursos.<\/td>\r\n\t\t<\/tr>\r\n\t\t<tr valign=\"top\">\r\n\t\t\t<td width=\"180\"><strong>09\/02\/2026 a 10\/02\/2026<\/strong><\/td>\r\n\t\t\t<td width=\"466\">Julgamento dos recursos.<\/td>\r\n\t\t<\/tr>\r\n\t\t<tr valign=\"top\">\r\n\t\t\t<td width=\"180\"><strong>11\/02\/2026<\/strong><\/td>\r\n\t\t\t<td width=\"466\">Homologa&ccedil;&atilde;o do resultado final.<\/td>\r\n\t\t<\/tr>\r\n\t<\/tbody>\r\n<\/table>\r\n<br \/>\r\n<br \/>\r\n<br \/>\r\n<br \/>\r\n<br \/>\r\n<br \/>\r\n<br \/>\r\n<br \/>\r\n<br \/>\r\n<br \/>\r\n<br \/>\r\n<br \/>\r\n<br \/>\r\n<br \/>\r\n<br \/>\r\n<br \/>\r\n<br \/>\r\n<br \/>\r\n<br \/>\r\n<br \/>\r\n<br \/>\r\n<br \/>\r\n<br \/>\r\n<br \/>\r\n<br \/>\r\n<br \/>\r\n<br \/>\r\n<br \/>\r\n<br \/>\r\n<br \/>\r\n<br \/>\r\n<br \/>\r\n<br \/>\r\n<br \/>\r\n<br \/>\r\n<br \/>\r\nANEXO II<br \/>\r\n<br \/>\r\n&nbsp;\r\n<table cellpadding=\"7\" cellspacing=\"0\" width=\"652\">\r\n\t<tbody>\r\n\t\t<tr>\r\n\t\t\t<td valign=\"top\" width=\"636\">PREFEITURA MUNICIPAL DE CACHOEIRA DO SUL<br \/>\r\n\t\t\t<strong>EDITAL N&ordm; 91\/2025 - PROCESSO SELETIVO SIMPLIFICADO <\/strong><br \/>\r\n\t\t\tNome: _____________________________________________________________<br \/>\r\n\t\t\tCargo Pretendido: ________________________________________________________<\/td>\r\n\t\t<\/tr>\r\n\t<\/tbody>\r\n<\/table>\r\n<br \/>\r\n<br \/>\r\n<br \/>\r\n<br \/>\r\n<br \/>\r\n<br \/>\r\n<br \/>\r\n<br \/>\r\n<br \/>\r\n<br \/>\r\n<br \/>\r\n<br \/>\r\n<br \/>\r\n<br \/>\r\n<br \/>\r\n<br \/>\r\n<br \/>\r\n<br \/>\r\n<br \/>\r\n<br \/>\r\n<br \/>\r\n<br \/>\r\n<br \/>\r\n<br \/>\r\n<br \/>\r\n<br \/>\r\n<br \/>\r\n<br \/>\r\n<br \/>\r\n<br \/>\r\n<br \/>\r\n<br \/>\r\n<br \/>\r\n<br \/>\r\n<br \/>\r\n<br \/>\r\n<br \/>\r\n<br \/>\r\n<br \/>\r\n<br \/>\r\n<br \/>\r\n<br \/>\r\n<br \/>\r\n<br \/>\r\n<br \/>\r\n<br \/>\r\n<br \/>\r\n<br \/>\r\nANEXO III<br \/>\r\n<strong>Ficha de Inscri&ccedil;&atilde;o e curr&iacute;culo para o processo seletivo<\/strong><strong> simplificado<\/strong><br \/>\r\n&nbsp;\r\n<table cellpadding=\"4\" cellspacing=\"0\" width=\"100%\">\r\n\t<tbody>\r\n\t\t<tr>\r\n\t\t\t<td colspan=\"3\" valign=\"top\" width=\"100%\"><strong>Ficha de Inscri&ccedil;&atilde;o e curr&iacute;culo para o processo seletivo simplificado<\/strong><\/td>\r\n\t\t<\/tr>\r\n\t\t<tr>\r\n\t\t\t<td colspan=\"3\" valign=\"top\" width=\"100%\"><strong>Edital n&ordm;. 91\/2025<\/strong><\/td>\r\n\t\t<\/tr>\r\n\t\t<tr>\r\n\t\t\t<td bgcolor=\"#b2b2b2\" colspan=\"3\" valign=\"top\" width=\"100%\"><strong>1. Fun&ccedil;&atilde;o tempor&aacute;ria<\/strong><\/td>\r\n\t\t<\/tr>\r\n\t\t<tr valign=\"top\">\r\n\t\t\t<td width=\"11%\">1.1<\/td>\r\n\t\t\t<td width=\"27%\">Cargo<\/td>\r\n\t\t\t<td width=\"61%\">&nbsp;<\/td>\r\n\t\t<\/tr>\r\n\t\t<tr>\r\n\t\t\t<td bgcolor=\"#b2b2b2\" colspan=\"3\" valign=\"top\" width=\"100%\"><strong>2. Dados pessoais <\/strong><\/td>\r\n\t\t<\/tr>\r\n\t\t<tr valign=\"top\">\r\n\t\t\t<td width=\"11%\">2.1<\/td>\r\n\t\t\t<td width=\"27%\">Nome:<\/td>\r\n\t\t\t<td width=\"61%\">&nbsp;<\/td>\r\n\t\t<\/tr>\r\n\t\t<tr valign=\"top\">\r\n\t\t\t<td width=\"11%\">2.2<\/td>\r\n\t\t\t<td width=\"27%\">Data de Nascimento:<\/td>\r\n\t\t\t<td width=\"61%\">&nbsp;<\/td>\r\n\t\t<\/tr>\r\n\t\t<tr valign=\"top\">\r\n\t\t\t<td width=\"11%\">2.3<\/td>\r\n\t\t\t<td width=\"27%\">Idade:<\/td>\r\n\t\t\t<td width=\"61%\">&nbsp;<\/td>\r\n\t\t<\/tr>\r\n\t\t<tr valign=\"top\">\r\n\t\t\t<td width=\"11%\">2.4<\/td>\r\n\t\t\t<td width=\"27%\">Endere&ccedil;o:<\/td>\r\n\t\t\t<td width=\"61%\">&nbsp;<\/td>\r\n\t\t<\/tr>\r\n\t\t<tr valign=\"top\">\r\n\t\t\t<td width=\"11%\">2.5<\/td>\r\n\t\t\t<td width=\"27%\">Bairro:<\/td>\r\n\t\t\t<td width=\"61%\">&nbsp;<\/td>\r\n\t\t<\/tr>\r\n\t\t<tr valign=\"top\">\r\n\t\t\t<td width=\"11%\">2.6<\/td>\r\n\t\t\t<td width=\"27%\">Cidade\/UF:<\/td>\r\n\t\t\t<td width=\"61%\">&nbsp;<\/td>\r\n\t\t<\/tr>\r\n\t\t<tr valign=\"top\">\r\n\t\t\t<td width=\"11%\">2.7<\/td>\r\n\t\t\t<td width=\"27%\">Telefone Fixo:<\/td>\r\n\t\t\t<td width=\"61%\">&nbsp;<\/td>\r\n\t\t<\/tr>\r\n\t\t<tr valign=\"top\">\r\n\t\t\t<td width=\"11%\">2.8<\/td>\r\n\t\t\t<td width=\"27%\">Celular:<\/td>\r\n\t\t\t<td width=\"61%\">&nbsp;<\/td>\r\n\t\t<\/tr>\r\n\t\t<tr valign=\"top\">\r\n\t\t\t<td width=\"11%\">2.9<\/td>\r\n\t\t\t<td width=\"27%\">E-mail:<\/td>\r\n\t\t\t<td width=\"61%\">&nbsp;<\/td>\r\n\t\t<\/tr>\r\n\t\t<tr valign=\"top\">\r\n\t\t\t<td width=\"11%\">2.10<\/td>\r\n\t\t\t<td width=\"27%\">RG:<\/td>\r\n\t\t\t<td width=\"61%\">&nbsp;<\/td>\r\n\t\t<\/tr>\r\n\t\t<tr valign=\"top\">\r\n\t\t\t<td width=\"11%\">2.11<\/td>\r\n\t\t\t<td width=\"27%\">&Oacute;rg&atilde;o Emissor:<\/td>\r\n\t\t\t<td width=\"61%\">&nbsp;<\/td>\r\n\t\t<\/tr>\r\n\t\t<tr valign=\"top\">\r\n\t\t\t<td width=\"11%\">2.12<\/td>\r\n\t\t\t<td width=\"27%\">CPF:<\/td>\r\n\t\t\t<td width=\"61%\">&nbsp;<\/td>\r\n\t\t<\/tr>\r\n\t\t<tr valign=\"top\">\r\n\t\t\t<td width=\"11%\">2.13<\/td>\r\n\t\t\t<td width=\"27%\">Estado Civil:<\/td>\r\n\t\t\t<td width=\"61%\">&nbsp;<\/td>\r\n\t\t<\/tr>\r\n\t\t<tr valign=\"top\">\r\n\t\t\t<td width=\"11%\">2.14<\/td>\r\n\t\t\t<td width=\"27%\">Nacionalidade:<\/td>\r\n\t\t\t<td width=\"61%\">&nbsp;<\/td>\r\n\t\t<\/tr>\r\n\t\t<tr valign=\"top\">\r\n\t\t\t<td width=\"11%\">2.15<\/td>\r\n\t\t\t<td width=\"27%\">Naturalidade:<\/td>\r\n\t\t\t<td width=\"61%\">&nbsp;<\/td>\r\n\t\t<\/tr>\r\n\t\t<tr valign=\"top\">\r\n\t\t\t<td width=\"11%\">2.16<\/td>\r\n\t\t\t<td width=\"27%\">T&iacute;tulo de Eleitor:<\/td>\r\n\t\t\t<td width=\"61%\">&nbsp;<\/td>\r\n\t\t<\/tr>\r\n\t\t<tr valign=\"top\">\r\n\t\t\t<td width=\"11%\">2.17<\/td>\r\n\t\t\t<td width=\"27%\">Zona:<\/td>\r\n\t\t\t<td width=\"61%\">&nbsp;<\/td>\r\n\t\t<\/tr>\r\n\t\t<tr valign=\"top\">\r\n\t\t\t<td width=\"11%\">2.18<\/td>\r\n\t\t\t<td width=\"27%\">Se&ccedil;&atilde;o:<\/td>\r\n\t\t\t<td width=\"61%\">&nbsp;<\/td>\r\n\t\t<\/tr>\r\n\t\t<tr valign=\"top\">\r\n\t\t\t<td height=\"17\" width=\"11%\">2.19<\/td>\r\n\t\t\t<td width=\"27%\">Nome da M&atilde;e:<\/td>\r\n\t\t\t<td width=\"61%\">&nbsp;<\/td>\r\n\t\t<\/tr>\r\n\t\t<tr valign=\"top\">\r\n\t\t\t<td width=\"11%\">2.20<\/td>\r\n\t\t\t<td width=\"27%\">Nome do Pai:<\/td>\r\n\t\t\t<td width=\"61%\">&nbsp;<\/td>\r\n\t\t<\/tr>\r\n\t\t<tr>\r\n\t\t\t<td bgcolor=\"#b2b2b2\" colspan=\"3\" valign=\"top\" width=\"100%\"><strong>3. Forma&ccedil;&atilde;o<\/strong><\/td>\r\n\t\t<\/tr>\r\n\t\t<tr>\r\n\t\t\t<td colspan=\"3\" valign=\"top\" width=\"100%\">N&iacute;vel de Escolaridade<\/td>\r\n\t\t<\/tr>\r\n\t\t<tr>\r\n\t\t\t<td rowspan=\"3\" width=\"11%\">3.1<\/td>\r\n\t\t\t<td valign=\"top\" width=\"27%\">Ensino Fundamental completo:<\/td>\r\n\t\t\t<td valign=\"top\" width=\"61%\">Sim ( ) N&atilde;o ( )<\/td>\r\n\t\t<\/tr>\r\n\t\t<tr valign=\"top\">\r\n\t\t\t<td width=\"27%\">Institui&ccedil;&atilde;o de Ensino:<\/td>\r\n\t\t\t<td width=\"61%\">&nbsp;<\/td>\r\n\t\t<\/tr>\r\n\t\t<tr valign=\"top\">\r\n\t\t\t<td width=\"27%\">Ano de Conclus&atilde;o:<\/td>\r\n\t\t\t<td width=\"61%\">&nbsp;<\/td>\r\n\t\t<\/tr>\r\n\t\t<tr>\r\n\t\t\t<td colspan=\"3\" valign=\"top\" width=\"100%\">&nbsp;<\/td>\r\n\t\t<\/tr>\r\n\t\t<tr>\r\n\t\t\t<td rowspan=\"3\" width=\"11%\">3.2<\/td>\r\n\t\t\t<td valign=\"top\" width=\"27%\">Ensino M&eacute;dio completo:<\/td>\r\n\t\t\t<td valign=\"top\" width=\"61%\">Sim ( ) N&atilde;o ( )<\/td>\r\n\t\t<\/tr>\r\n\t\t<tr valign=\"top\">\r\n\t\t\t<td width=\"27%\">Institui&ccedil;&atilde;o de Ensino:<\/td>\r\n\t\t\t<td width=\"61%\">&nbsp;<\/td>\r\n\t\t<\/tr>\r\n\t\t<tr valign=\"top\">\r\n\t\t\t<td width=\"27%\">Ano de Conclus&atilde;o:<\/td>\r\n\t\t\t<td width=\"61%\">&nbsp;<\/td>\r\n\t\t<\/tr>\r\n\t\t<tr>\r\n\t\t\t<td bgcolor=\"#b2b2b2\" colspan=\"3\" valign=\"top\" width=\"100%\"><strong>4. Experi&ecirc;ncia profissional<\/strong><\/td>\r\n\t\t<\/tr>\r\n\t\t<tr>\r\n\t\t\t<td rowspan=\"3\" width=\"11%\">4.1<\/td>\r\n\t\t\t<td valign=\"top\" width=\"27%\">Experi&ecirc;ncia 1:<\/td>\r\n\t\t\t<td valign=\"top\" width=\"61%\">&nbsp;<\/td>\r\n\t\t<\/tr>\r\n\t\t<tr>\r\n\t\t\t<td valign=\"top\" width=\"27%\">&Oacute;rg&atilde;o\/Empresa ou Entidade P&uacute;blica:<\/td>\r\n\t\t\t<td valign=\"top\" width=\"61%\">&nbsp;<\/td>\r\n\t\t<\/tr>\r\n\t\t<tr>\r\n\t\t\t<td valign=\"top\" width=\"27%\">Per&iacute;odo:<\/td>\r\n\t\t\t<td valign=\"top\" width=\"61%\">&nbsp;<\/td>\r\n\t\t<\/tr>\r\n\t\t<tr>\r\n\t\t\t<td rowspan=\"3\" width=\"11%\">4.2<\/td>\r\n\t\t\t<td valign=\"top\" width=\"27%\">Experi&ecirc;ncia 2:<\/td>\r\n\t\t\t<td valign=\"top\" width=\"61%\">&nbsp;<\/td>\r\n\t\t<\/tr>\r\n\t\t<tr>\r\n\t\t\t<td valign=\"top\" width=\"27%\">&Oacute;rg&atilde;o\/Empresa ou Entidade P&uacute;blica:<\/td>\r\n\t\t\t<td valign=\"top\" width=\"61%\">&nbsp;<\/td>\r\n\t\t<\/tr>\r\n\t\t<tr>\r\n\t\t\t<td valign=\"top\" width=\"27%\">Per&iacute;odo:<\/td>\r\n\t\t\t<td valign=\"top\" width=\"61%\">&nbsp;<\/td>\r\n\t\t<\/tr>\r\n\t\t<tr>\r\n\t\t\t<td rowspan=\"3\" width=\"11%\">4.3<\/td>\r\n\t\t\t<td valign=\"top\" width=\"27%\">Experi&ecirc;ncia 3:<\/td>\r\n\t\t\t<td valign=\"top\" width=\"61%\">&nbsp;<\/td>\r\n\t\t<\/tr>\r\n\t\t<tr>\r\n\t\t\t<td valign=\"top\" width=\"27%\">&Oacute;rg&atilde;o\/Empresa ou Entidade P&uacute;blica:<\/td>\r\n\t\t\t<td valign=\"top\" width=\"61%\">&nbsp;<\/td>\r\n\t\t<\/tr>\r\n\t\t<tr>\r\n\t\t\t<td valign=\"top\" width=\"27%\">Per&iacute;odo:<\/td>\r\n\t\t\t<td valign=\"top\" width=\"61%\">&nbsp;<\/td>\r\n\t\t<\/tr>\r\n\t\t<tr>\r\n\t\t\t<td rowspan=\"3\" width=\"11%\">4.4<\/td>\r\n\t\t\t<td valign=\"top\" width=\"27%\">Experi&ecirc;ncia 4:<\/td>\r\n\t\t\t<td valign=\"top\" width=\"61%\">&nbsp;<\/td>\r\n\t\t<\/tr>\r\n\t\t<tr>\r\n\t\t\t<td valign=\"top\" width=\"27%\">&Oacute;rg&atilde;o\/Empresa ou Entidade P&uacute;blica:<\/td>\r\n\t\t\t<td valign=\"top\" width=\"61%\">&nbsp;<\/td>\r\n\t\t<\/tr>\r\n\t\t<tr>\r\n\t\t\t<td valign=\"top\" width=\"27%\">Per&iacute;odo:<\/td>\r\n\t\t\t<td valign=\"top\" width=\"61%\">&nbsp;<\/td>\r\n\t\t<\/tr>\r\n\t\t<tr>\r\n\t\t\t<td rowspan=\"3\" width=\"11%\">4.5<\/td>\r\n\t\t\t<td valign=\"top\" width=\"27%\">Experi&ecirc;ncia 5:<\/td>\r\n\t\t\t<td valign=\"top\" width=\"61%\">&nbsp;<\/td>\r\n\t\t<\/tr>\r\n\t\t<tr>\r\n\t\t\t<td valign=\"top\" width=\"27%\">&Oacute;rg&atilde;o\/Empresa ou Entidade P&uacute;blica:<\/td>\r\n\t\t\t<td valign=\"top\" width=\"61%\">&nbsp;<\/td>\r\n\t\t<\/tr>\r\n\t\t<tr>\r\n\t\t\t<td valign=\"top\" width=\"27%\">Per&iacute;odo:<\/td>\r\n\t\t\t<td valign=\"top\" width=\"61%\">&nbsp;<\/td>\r\n\t\t<\/tr>\r\n\t\t<tr>\r\n\t\t\t<td rowspan=\"3\" width=\"11%\">4.6<\/td>\r\n\t\t\t<td valign=\"top\" width=\"27%\">Experi&ecirc;ncia 6:<\/td>\r\n\t\t\t<td valign=\"top\" width=\"61%\">&nbsp;<\/td>\r\n\t\t<\/tr>\r\n\t\t<tr>\r\n\t\t\t<td valign=\"top\" width=\"27%\">&Oacute;rg&atilde;o\/Empresa ou Entidade P&uacute;blica:<\/td>\r\n\t\t\t<td valign=\"top\" width=\"61%\">&nbsp;<\/td>\r\n\t\t<\/tr>\r\n\t\t<tr>\r\n\t\t\t<td valign=\"top\" width=\"27%\">Per&iacute;odo:<\/td>\r\n\t\t\t<td valign=\"top\" width=\"61%\">&nbsp;<\/td>\r\n\t\t<\/tr>\r\n\t\t<tr>\r\n\t\t\t<td rowspan=\"3\" width=\"11%\">4.7<\/td>\r\n\t\t\t<td valign=\"top\" width=\"27%\">Experi&ecirc;ncia 7:<\/td>\r\n\t\t\t<td valign=\"top\" width=\"61%\">&nbsp;<\/td>\r\n\t\t<\/tr>\r\n\t\t<tr>\r\n\t\t\t<td valign=\"top\" width=\"27%\">&Oacute;rg&atilde;o\/Empresa ou Entidade P&uacute;blica:<\/td>\r\n\t\t\t<td valign=\"top\" width=\"61%\">&nbsp;<\/td>\r\n\t\t<\/tr>\r\n\t\t<tr>\r\n\t\t\t<td valign=\"top\" width=\"27%\">Per&iacute;odo:<\/td>\r\n\t\t\t<td valign=\"top\" width=\"61%\">&nbsp;<\/td>\r\n\t\t<\/tr>\r\n\t\t<tr>\r\n\t\t\t<td rowspan=\"3\" width=\"11%\">4.8<\/td>\r\n\t\t\t<td valign=\"top\" width=\"27%\">Experi&ecirc;ncia 8:<\/td>\r\n\t\t\t<td valign=\"top\" width=\"61%\">&nbsp;<\/td>\r\n\t\t<\/tr>\r\n\t\t<tr valign=\"top\">\r\n\t\t\t<td width=\"27%\">&Oacute;rg&atilde;o\/Empresa ou Entidade P&uacute;blica:<\/td>\r\n\t\t\t<td width=\"61%\">&nbsp;<\/td>\r\n\t\t<\/tr>\r\n\t\t<tr valign=\"top\">\r\n\t\t\t<td width=\"27%\">Per&iacute;odo:<\/td>\r\n\t\t\t<td width=\"61%\">&nbsp;<\/td>\r\n\t\t<\/tr>\r\n\t\t<tr>\r\n\t\t\t<td rowspan=\"3\" width=\"11%\">4.9<\/td>\r\n\t\t\t<td valign=\"top\" width=\"27%\">Experi&ecirc;ncia 9:<\/td>\r\n\t\t\t<td valign=\"top\" width=\"61%\">&nbsp;<\/td>\r\n\t\t<\/tr>\r\n\t\t<tr valign=\"top\">\r\n\t\t\t<td width=\"27%\">&Oacute;rg&atilde;o\/Empresa ou Entidade P&uacute;blica:<\/td>\r\n\t\t\t<td width=\"61%\">&nbsp;<\/td>\r\n\t\t<\/tr>\r\n\t\t<tr valign=\"top\">\r\n\t\t\t<td width=\"27%\">Per&iacute;odo:<\/td>\r\n\t\t\t<td width=\"61%\">&nbsp;<\/td>\r\n\t\t<\/tr>\r\n\t\t<tr>\r\n\t\t\t<td rowspan=\"3\" width=\"11%\">4.10<\/td>\r\n\t\t\t<td valign=\"top\" width=\"27%\">Experi&ecirc;ncia 10:<\/td>\r\n\t\t\t<td valign=\"top\" width=\"61%\">&nbsp;<\/td>\r\n\t\t<\/tr>\r\n\t\t<tr valign=\"top\">\r\n\t\t\t<td width=\"27%\">&Oacute;rg&atilde;o\/Empresa ou Entidade P&uacute;blica:<\/td>\r\n\t\t\t<td width=\"61%\">&nbsp;<\/td>\r\n\t\t<\/tr>\r\n\t\t<tr valign=\"top\">\r\n\t\t\t<td width=\"27%\">Per&iacute;odo:<\/td>\r\n\t\t\t<td width=\"61%\">&nbsp;<\/td>\r\n\t\t<\/tr>\r\n\t<\/tbody>\r\n<\/table>\r\n<br \/>\r\n<br \/>\r\n<br \/>\r\n<br \/>\r\n____________________________________<br \/>\r\nAssinatura do candidato<br \/>\r\n&nbsp;<\/div>\r\n"}]}